{"id":6773,"date":"2025-12-23T09:00:00","date_gmt":"2025-12-23T09:00:00","guid":{"rendered":"https:\/\/www.mariaelenaplacenza.it\/?p=6773"},"modified":"2026-05-05T14:45:08","modified_gmt":"2026-05-05T14:45:08","slug":"protesi-dentarie-per-persone-diversamente-giovani","status":"publish","type":"post","link":"https:\/\/www.mariaelenaplacenza.it\/en\/protesi-dentarie-per-persone-diversamente-giovani\/","title":{"rendered":"Dental prosthetics for \"differently young\" people"},"content":{"rendered":"<div id=\"ez-toc-container\" class=\"ez-toc-v2_0_83 counter-hierarchy ez-toc-counter ez-toc-transparent ez-toc-container-direction\">\n<div class=\"ez-toc-title-container\">\n<p class=\"ez-toc-title\" style=\"cursor:inherit\">Table of Contents<\/p>\n<span class=\"ez-toc-title-toggle\"><a href=\"#\" class=\"ez-toc-pull-right ez-toc-btn ez-toc-btn-xs ez-toc-btn-default ez-toc-toggle\" aria-label=\"Toggle Table of Content\"><span class=\"ez-toc-js-icon-con\"><span class=\"\"><span class=\"eztoc-hide\" style=\"display:none;\">Toggle<\/span><span class=\"ez-toc-icon-toggle-span\"><svg style=\"fill: #999;color:#999\" xmlns=\"http:\/\/www.w3.org\/2000\/svg\" class=\"list-377408\" width=\"20px\" height=\"20px\" viewbox=\"0 0 24 24\" fill=\"none\"><path d=\"M6 6H4v2h2V6zm14 0H8v2h12V6zM4 11h2v2H4v-2zm16 0H8v2h12v-2zM4 16h2v2H4v-2zm16 0H8v2h12v-2z\" fill=\"currentColor\"><\/path><\/svg><svg style=\"fill: #999;color:#999\" class=\"arrow-unsorted-368013\" xmlns=\"http:\/\/www.w3.org\/2000\/svg\" width=\"10px\" height=\"10px\" viewbox=\"0 0 24 24\" version=\"1.2\" baseprofile=\"tiny\"><path d=\"M18.2 9.3l-6.2-6.3-6.2 6.3c-.2.2-.3.4-.3.7s.1.5.3.7c.2.2.4.3.7.3h11c.3 0 .5-.1.7-.3.2-.2.3-.5.3-.7s-.1-.5-.3-.7zM5.8 14.7l6.2 6.3 6.2-6.3c.2-.2.3-.5.3-.7s-.1-.5-.3-.7c-.2-.2-.4-.3-.7-.3h-11c-.3 0-.5.1-.7.3-.2.2-.3.5-.3.7s.1.5.3.7z\"\/><\/svg><\/span><\/span><\/span><\/a><\/span><\/div>\n<nav><ul class='ez-toc-list ez-toc-list-level-1' ><li class='ez-toc-page-1 ez-toc-heading-level-2'><a class=\"ez-toc-link ez-toc-heading-1\" href=\"https:\/\/www.mariaelenaplacenza.it\/en\/protesi-dentarie-per-persone-diversamente-giovani\/#Protesi_dentarie_a_Trapani_per_persone_diversamente_giovani_comfort_estetica_e_qualita_della_vita\" >Protesi dentarie a Trapani per persone diversamente giovani: comfort, estetica e qualit\u00e0 della vita<\/a><\/li><li class='ez-toc-page-1 ez-toc-heading-level-2'><a class=\"ez-toc-link ez-toc-heading-2\" href=\"https:\/\/www.mariaelenaplacenza.it\/en\/protesi-dentarie-per-persone-diversamente-giovani\/#Cosa_sono_le_protesi_dentarie\" >Cosa sono le protesi dentarie<\/a><\/li><li class='ez-toc-page-1 ez-toc-heading-level-2'><a class=\"ez-toc-link ez-toc-heading-3\" href=\"https:\/\/www.mariaelenaplacenza.it\/en\/protesi-dentarie-per-persone-diversamente-giovani\/#Tipologie_di_protesi_dentarie\" >Tipologie di protesi dentarie<\/a><\/li><li class='ez-toc-page-1 ez-toc-heading-level-2'><a class=\"ez-toc-link ez-toc-heading-4\" href=\"https:\/\/www.mariaelenaplacenza.it\/en\/protesi-dentarie-per-persone-diversamente-giovani\/#I_vantaggi_delle_protesi_dentarie_moderne\" >I vantaggi delle protesi dentarie moderne<\/a><\/li><li class='ez-toc-page-1 ez-toc-heading-level-2'><a class=\"ez-toc-link ez-toc-heading-5\" href=\"https:\/\/www.mariaelenaplacenza.it\/en\/protesi-dentarie-per-persone-diversamente-giovani\/#Un_approccio_attento_alle_esigenze_dei_pazienti_maturi\" >Un approccio attento alle esigenze dei pazienti maturi<\/a><\/li><li class='ez-toc-page-1 ez-toc-heading-level-2'><a class=\"ez-toc-link ez-toc-heading-6\" href=\"https:\/\/www.mariaelenaplacenza.it\/en\/protesi-dentarie-per-persone-diversamente-giovani\/#Protesi_dentarie_a_Trapani_prenota_una_visita\" >Protesi dentarie a Trapani: prenota una visita<\/a><\/li><\/ul><\/nav><\/div>\n\n<h2 class=\"wp-block-heading\"><span class=\"ez-toc-section\" id=\"Protesi_dentarie_a_Trapani_per_persone_diversamente_giovani_comfort_estetica_e_qualita_della_vita\"><\/span>Protesi dentarie a Trapani per persone diversamente giovani: comfort, estetica e qualit\u00e0 della vita<span class=\"ez-toc-section-end\"><\/span><\/h2>\n\n\n\n<p class=\"wp-block-paragraph\">Le <strong>protesi dentarie per persone diversamente giovani<\/strong> rappresentano una soluzione fondamentale per ritrovare il piacere di sorridere, parlare e mangiare con serenit\u00e0. Presso lo <strong>studio della Dottoressa Maria Elena Placenza<\/strong>, in <strong>via degli Iris, 47 a Trapani<\/strong>, \u00e8 possibile accedere a trattamenti protesici personalizzati, studiati per garantire funzionalit\u00e0, comfort ed estetica naturale anche in et\u00e0 matura.<\/p>\n\n\n\n<p class=\"wp-block-paragraph\">L\u2019obiettivo della protesi dentaria non \u00e8 solo sostituire i denti mancanti, ma <strong>migliorare la qualit\u00e0 della vita<\/strong>, restituendo sicurezza e benessere al paziente.<\/p>\n\n\n\n<h2 class=\"wp-block-heading\"><span class=\"ez-toc-section\" id=\"Cosa_sono_le_protesi_dentarie\"><\/span>Cosa sono le protesi dentarie<span class=\"ez-toc-section-end\"><\/span><\/h2>\n\n\n\n<p class=\"wp-block-paragraph\">Le <strong>protesi dentarie<\/strong> sono dispositivi odontoiatrici progettati per sostituire uno o pi\u00f9 denti mancanti. Possono essere realizzate su misura e adattate alle specifiche esigenze del paziente, tenendo conto della struttura ossea, delle gengive e delle abitudini quotidiane.<\/p>\n\n\n\n<p class=\"wp-block-paragraph\">Presso lo studio di Trapani, la Dottoressa Maria Elena Placenza propone soluzioni protesiche moderne, funzionali e dall\u2019aspetto naturale, particolarmente indicate per i pazienti <strong>diversamente giovani<\/strong> che desiderano ritrovare comfort e stabilit\u00e0.<\/p>\n\n\n\n<h2 class=\"wp-block-heading\"><span class=\"ez-toc-section\" id=\"Tipologie_di_protesi_dentarie\"><\/span>Tipologie di protesi dentarie<span class=\"ez-toc-section-end\"><\/span><\/h2>\n\n\n\n<p class=\"wp-block-paragraph\">Durante la visita specialistica, vengono valutate le soluzioni pi\u00f9 adatte tra:<\/p>\n\n\n\n<ul class=\"wp-block-list\">\n<li><strong>Protesi dentarie mobili<\/strong>: facilmente rimovibili, ideali in caso di edentulia parziale o totale<\/li>\n\n\n\n<li><strong>Protesi dentarie fisse<\/strong>: ancorate ai denti naturali residui o su impianti<\/li>\n\n\n\n<li><strong>Protesi totali<\/strong>: indicate in assenza completa di denti<\/li>\n\n\n\n<li><strong>Protesi parziali<\/strong>: per sostituire solo alcuni elementi dentari<\/li>\n<\/ul>\n\n\n\n<p class=\"wp-block-paragraph\">Ogni protesi viene realizzata con materiali di alta qualit\u00e0, progettati per garantire durata, comfort e un\u2019estetica armoniosa.<\/p>\n\n\n\n<h2 class=\"wp-block-heading\"><span class=\"ez-toc-section\" id=\"I_vantaggi_delle_protesi_dentarie_moderne\"><\/span>I vantaggi delle protesi dentarie moderne<span class=\"ez-toc-section-end\"><\/span><\/h2>\n\n\n\n<p class=\"wp-block-paragraph\">Le <strong>protesi dentarie a Trapani<\/strong> offerte dallo studio della Dottoressa Placenza assicurano numerosi benefici:<\/p>\n\n\n\n<ul class=\"wp-block-list\">\n<li>miglioramento della masticazione e della digestione<\/li>\n\n\n\n<li>maggiore sicurezza nel parlare e sorridere<\/li>\n\n\n\n<li>supporto alla struttura del viso<\/li>\n\n\n\n<li>estetica naturale e personalizzata<\/li>\n\n\n\n<li>materiali leggeri, resistenti e biocompatibili<\/li>\n<\/ul>\n\n\n\n<p class=\"wp-block-paragraph\">Per i pazienti diversamente giovani, una protesi ben progettata contribuisce in modo significativo al benessere quotidiano e all\u2019autonomia.<\/p>\n\n\n\n<h2 class=\"wp-block-heading\"><span class=\"ez-toc-section\" id=\"Un_approccio_attento_alle_esigenze_dei_pazienti_maturi\"><\/span>Un approccio attento alle esigenze dei pazienti maturi<span class=\"ez-toc-section-end\"><\/span><\/h2>\n\n\n\n<p class=\"wp-block-paragraph\">La realizzazione di una protesi dentaria richiede competenza, ascolto e attenzione. La Dottoressa Maria Elena Placenza segue ogni paziente con un approccio empatico e professionale, dedicando particolare cura alle esigenze delle persone diversamente giovani.<\/p>\n\n\n\n<p class=\"wp-block-paragraph\">Ogni trattamento protesico \u00e8 preceduto da una <strong>valutazione clinica accurata<\/strong>, volta a garantire comfort, stabilit\u00e0 e adattamento ottimale della protesi.<\/p>\n\n\n\n<h2 class=\"wp-block-heading\"><span class=\"ez-toc-section\" id=\"Protesi_dentarie_a_Trapani_prenota_una_visita\"><\/span>Protesi dentarie a Trapani: prenota una visita<span class=\"ez-toc-section-end\"><\/span><\/h2>\n\n\n\n<p class=\"wp-block-paragraph\">Se stai cercando <strong>protesi dentarie a Trapani<\/strong> pensate per persone diversamente giovani, puoi <strong>fissare un appuntamento presso lo studio della Dottoressa Maria Elena Placenza<\/strong>, in <strong>via degli Iris, 47<\/strong>.<\/p>\n\n\n\n<p class=\"wp-block-paragraph\">Affidati a un percorso di cura professionale e personalizzato, orientato a restituirti il piacere di sorridere e vivere ogni giorno con maggiore serenit\u00e0.<\/p>\n\n\n\n<p class=\"wp-block-paragraph\">Chiama il Telefono:\u00a0<a href=\"tel:+393478025357\" target=\"_blank\" rel=\"noreferrer noopener\">(+39) 347 802 5357<\/a> per prenotare una consulenza e scoprire la soluzione protesica pi\u00f9 adatta a te.<\/p>","protected":false},"excerpt":{"rendered":"<p>Protesi dentarie a Trapani per persone diversamente giovani: comfort, estetica e qualit\u00e0 della vita Le protesi dentarie per persone diversamente giovani rappresentano una soluzione fondamentale per ritrovare il piacere di sorridere, parlare e mangiare con serenit\u00e0. Presso lo studio della Dottoressa Maria Elena Placenza, in via degli Iris, 47 a Trapani, \u00e8 possibile accedere a &hellip; <a href=\"https:\/\/www.mariaelenaplacenza.it\/en\/protesi-dentarie-per-persone-diversamente-giovani\/\" class=\"more-link\">Continue reading <span class=\"screen-reader-text\">Dental prosthetics for \"differently young\" people<\/span><\/a><\/p>","protected":false},"author":1,"featured_media":6775,"comment_status":"closed","ping_status":"open","sticky":false,"template":"","format":"standard","meta":{"_joinchat":[],"footnotes":""},"categories":[57],"tags":[],"class_list":["post-6773","post","type-post","status-publish","format-standard","has-post-thumbnail","hentry","category-news"],"yoast_head":"<!-- This site is optimized with the Yoast SEO plugin v27.6 - https:\/\/yoast.com\/product\/yoast-seo-wordpress\/ -->\n<title>Protesi dentarie per persone &quot;diversamente giovani&quot; - Dentista Trapani Studio Odontoiatrico Maria Elena Placenza<\/title>\n<meta name=\"description\" content=\"Le protesi dentarie rappresentano una soluzione fondamentale per ritrovare il piacere di sorridere, parlare e mangiare con serenit\u00e0.\" \/>\n<meta name=\"robots\" content=\"index, follow, max-snippet:-1, max-image-preview:large, max-video-preview:-1\" \/>\n<link rel=\"canonical\" href=\"https:\/\/www.mariaelenaplacenza.it\/en\/protesi-dentarie-per-persone-diversamente-giovani\/\" \/>\n<meta property=\"og:locale\" content=\"en_GB\" \/>\n<meta property=\"og:type\" content=\"article\" \/>\n<meta property=\"og:title\" content=\"Protesi dentarie per persone &quot;diversamente giovani&quot; - Dentista Trapani Studio Odontoiatrico Maria Elena Placenza\" \/>\n<meta property=\"og:description\" content=\"Le protesi dentarie rappresentano una soluzione fondamentale per ritrovare il piacere di sorridere, parlare e mangiare con serenit\u00e0.\" \/>\n<meta property=\"og:url\" content=\"https:\/\/www.mariaelenaplacenza.it\/en\/protesi-dentarie-per-persone-diversamente-giovani\/\" \/>\n<meta property=\"og:site_name\" content=\"Dentista Trapani Studio Odontoiatrico Maria Elena Placenza\" \/>\n<meta property=\"article:published_time\" content=\"2025-12-23T09:00:00+00:00\" \/>\n<meta property=\"article:modified_time\" content=\"2026-05-05T14:45:08+00:00\" \/>\n<meta property=\"og:image\" content=\"https:\/\/www.mariaelenaplacenza.it\/wp-content\/uploads\/2025\/12\/Protesi-dentarie.jpg\" \/>\n\t<meta property=\"og:image:width\" content=\"800\" \/>\n\t<meta property=\"og:image:height\" content=\"1200\" \/>\n\t<meta property=\"og:image:type\" content=\"image\/jpeg\" \/>\n<meta name=\"author\" content=\"Maria Elena Placenza\" \/>\n<meta name=\"twitter:card\" content=\"summary_large_image\" \/>\n<meta name=\"twitter:label1\" content=\"Written by\" \/>\n\t<meta name=\"twitter:data1\" content=\"Maria Elena Placenza\" \/>\n\t<meta name=\"twitter:label2\" content=\"Estimated reading time\" \/>\n\t<meta name=\"twitter:data2\" content=\"3 minutes\" \/>\n<script type=\"application\/ld+json\" class=\"yoast-schema-graph\">{\"@context\":\"https:\\\/\\\/schema.org\",\"@graph\":[{\"@type\":\"Article\",\"@id\":\"https:\\\/\\\/www.mariaelenaplacenza.it\\\/protesi-dentarie-per-persone-diversamente-giovani\\\/#article\",\"isPartOf\":{\"@id\":\"https:\\\/\\\/www.mariaelenaplacenza.it\\\/protesi-dentarie-per-persone-diversamente-giovani\\\/\"},\"author\":{\"name\":\"Maria Elena Placenza\",\"@id\":\"https:\\\/\\\/www.mariaelenaplacenza.it\\\/#\\\/schema\\\/person\\\/e3a989ffa80fe426b225092a1c5db2f2\"},\"headline\":\"Protesi dentarie per persone &#8220;diversamente giovani&#8221;\",\"datePublished\":\"2025-12-23T09:00:00+00:00\",\"dateModified\":\"2026-05-05T14:45:08+00:00\",\"mainEntityOfPage\":{\"@id\":\"https:\\\/\\\/www.mariaelenaplacenza.it\\\/protesi-dentarie-per-persone-diversamente-giovani\\\/\"},\"wordCount\":444,\"publisher\":{\"@id\":\"https:\\\/\\\/www.mariaelenaplacenza.it\\\/#organization\"},\"image\":{\"@id\":\"https:\\\/\\\/www.mariaelenaplacenza.it\\\/protesi-dentarie-per-persone-diversamente-giovani\\\/#primaryimage\"},\"thumbnailUrl\":\"https:\\\/\\\/www.mariaelenaplacenza.it\\\/wp-content\\\/uploads\\\/2025\\\/12\\\/Protesi-dentarie.jpg\",\"articleSection\":[\"News\"],\"inLanguage\":\"en-GB\"},{\"@type\":\"WebPage\",\"@id\":\"https:\\\/\\\/www.mariaelenaplacenza.it\\\/protesi-dentarie-per-persone-diversamente-giovani\\\/\",\"url\":\"https:\\\/\\\/www.mariaelenaplacenza.it\\\/protesi-dentarie-per-persone-diversamente-giovani\\\/\",\"name\":\"Protesi dentarie per persone \\\"diversamente giovani\\\" - Dentista Trapani Studio Odontoiatrico Maria Elena Placenza\",\"isPartOf\":{\"@id\":\"https:\\\/\\\/www.mariaelenaplacenza.it\\\/#website\"},\"primaryImageOfPage\":{\"@id\":\"https:\\\/\\\/www.mariaelenaplacenza.it\\\/protesi-dentarie-per-persone-diversamente-giovani\\\/#primaryimage\"},\"image\":{\"@id\":\"https:\\\/\\\/www.mariaelenaplacenza.it\\\/protesi-dentarie-per-persone-diversamente-giovani\\\/#primaryimage\"},\"thumbnailUrl\":\"https:\\\/\\\/www.mariaelenaplacenza.it\\\/wp-content\\\/uploads\\\/2025\\\/12\\\/Protesi-dentarie.jpg\",\"datePublished\":\"2025-12-23T09:00:00+00:00\",\"dateModified\":\"2026-05-05T14:45:08+00:00\",\"description\":\"Le protesi dentarie rappresentano una soluzione fondamentale per ritrovare il piacere di sorridere, parlare e mangiare con serenit\u00e0.\",\"breadcrumb\":{\"@id\":\"https:\\\/\\\/www.mariaelenaplacenza.it\\\/protesi-dentarie-per-persone-diversamente-giovani\\\/#breadcrumb\"},\"inLanguage\":\"en-GB\",\"potentialAction\":[{\"@type\":\"ReadAction\",\"target\":[\"https:\\\/\\\/www.mariaelenaplacenza.it\\\/protesi-dentarie-per-persone-diversamente-giovani\\\/\"]}]},{\"@type\":\"ImageObject\",\"inLanguage\":\"en-GB\",\"@id\":\"https:\\\/\\\/www.mariaelenaplacenza.it\\\/protesi-dentarie-per-persone-diversamente-giovani\\\/#primaryimage\",\"url\":\"https:\\\/\\\/www.mariaelenaplacenza.it\\\/wp-content\\\/uploads\\\/2025\\\/12\\\/Protesi-dentarie.jpg\",\"contentUrl\":\"https:\\\/\\\/www.mariaelenaplacenza.it\\\/wp-content\\\/uploads\\\/2025\\\/12\\\/Protesi-dentarie.jpg\",\"width\":800,\"height\":1200,\"caption\":\"Protesi dentarie per persone diversamente giovani\"},{\"@type\":\"BreadcrumbList\",\"@id\":\"https:\\\/\\\/www.mariaelenaplacenza.it\\\/protesi-dentarie-per-persone-diversamente-giovani\\\/#breadcrumb\",\"itemListElement\":[{\"@type\":\"ListItem\",\"position\":1,\"name\":\"Home\",\"item\":\"https:\\\/\\\/www.mariaelenaplacenza.it\\\/\"},{\"@type\":\"ListItem\",\"position\":2,\"name\":\"Protesi dentarie per persone &#8220;diversamente giovani&#8221;\"}]},{\"@type\":\"WebSite\",\"@id\":\"https:\\\/\\\/www.mariaelenaplacenza.it\\\/#website\",\"url\":\"https:\\\/\\\/www.mariaelenaplacenza.it\\\/\",\"name\":\"Studio Dentistico Maria Elena Placenza\",\"description\":\"Dentista per passione\",\"publisher\":{\"@id\":\"https:\\\/\\\/www.mariaelenaplacenza.it\\\/#organization\"},\"potentialAction\":[{\"@type\":\"SearchAction\",\"target\":{\"@type\":\"EntryPoint\",\"urlTemplate\":\"https:\\\/\\\/www.mariaelenaplacenza.it\\\/?s={search_term_string}\"},\"query-input\":{\"@type\":\"PropertyValueSpecification\",\"valueRequired\":true,\"valueName\":\"search_term_string\"}}],\"inLanguage\":\"en-GB\"},{\"@type\":\"Organization\",\"@id\":\"https:\\\/\\\/www.mariaelenaplacenza.it\\\/#organization\",\"name\":\"Studio Odontotecnico Dentista Maria Elena Placenza\",\"url\":\"https:\\\/\\\/www.mariaelenaplacenza.it\\\/\",\"logo\":{\"@type\":\"ImageObject\",\"inLanguage\":\"en-GB\",\"@id\":\"https:\\\/\\\/www.mariaelenaplacenza.it\\\/#\\\/schema\\\/logo\\\/image\\\/\",\"url\":\"https:\\\/\\\/www.mariaelenaplacenza.it\\\/wp-content\\\/uploads\\\/2024\\\/07\\\/Logo-Maria-Elena-Placenza.png\",\"contentUrl\":\"https:\\\/\\\/www.mariaelenaplacenza.it\\\/wp-content\\\/uploads\\\/2024\\\/07\\\/Logo-Maria-Elena-Placenza.png\",\"width\":1497,\"height\":395,\"caption\":\"Studio Odontotecnico Dentista Maria Elena Placenza\"},\"image\":{\"@id\":\"https:\\\/\\\/www.mariaelenaplacenza.it\\\/#\\\/schema\\\/logo\\\/image\\\/\"}},{\"@type\":\"Person\",\"@id\":\"https:\\\/\\\/www.mariaelenaplacenza.it\\\/#\\\/schema\\\/person\\\/e3a989ffa80fe426b225092a1c5db2f2\",\"name\":\"Maria Elena Placenza\",\"image\":{\"@type\":\"ImageObject\",\"inLanguage\":\"en-GB\",\"@id\":\"https:\\\/\\\/secure.gravatar.com\\\/avatar\\\/9fa56aa681bd5a404d58892024bd8dea192751dd51cd50c54b2a743afcfa5b34?s=96&d=mm&r=g\",\"url\":\"https:\\\/\\\/secure.gravatar.com\\\/avatar\\\/9fa56aa681bd5a404d58892024bd8dea192751dd51cd50c54b2a743afcfa5b34?s=96&d=mm&r=g\",\"contentUrl\":\"https:\\\/\\\/secure.gravatar.com\\\/avatar\\\/9fa56aa681bd5a404d58892024bd8dea192751dd51cd50c54b2a743afcfa5b34?s=96&d=mm&r=g\",\"caption\":\"Maria Elena Placenza\"},\"sameAs\":[\"https:\\\/\\\/www.mariaelenaplacenza.it\"],\"url\":\"https:\\\/\\\/www.mariaelenaplacenza.it\\\/en\\\/author\\\/wp_10554324\\\/\"}]}<\/script>\n<!-- \/ Yoast SEO plugin. -->","yoast_head_json":{"title":"Protesi dentarie per persone \"diversamente giovani\" - Dentista Trapani Studio Odontoiatrico Maria Elena Placenza","description":"Le protesi dentarie rappresentano una soluzione fondamentale per ritrovare il piacere di sorridere, parlare e mangiare con serenit\u00e0.","robots":{"index":"index","follow":"follow","max-snippet":"max-snippet:-1","max-image-preview":"max-image-preview:large","max-video-preview":"max-video-preview:-1"},"canonical":"https:\/\/www.mariaelenaplacenza.it\/en\/protesi-dentarie-per-persone-diversamente-giovani\/","og_locale":"en_GB","og_type":"article","og_title":"Protesi dentarie per persone \"diversamente giovani\" - Dentista Trapani Studio Odontoiatrico Maria Elena Placenza","og_description":"Le protesi dentarie rappresentano una soluzione fondamentale per ritrovare il piacere di sorridere, parlare e mangiare con serenit\u00e0.","og_url":"https:\/\/www.mariaelenaplacenza.it\/en\/protesi-dentarie-per-persone-diversamente-giovani\/","og_site_name":"Dentista Trapani Studio Odontoiatrico Maria Elena Placenza","article_published_time":"2025-12-23T09:00:00+00:00","article_modified_time":"2026-05-05T14:45:08+00:00","og_image":[{"width":800,"height":1200,"url":"https:\/\/www.mariaelenaplacenza.it\/wp-content\/uploads\/2025\/12\/Protesi-dentarie.jpg","type":"image\/jpeg"}],"author":"Maria Elena Placenza","twitter_card":"summary_large_image","twitter_misc":{"Written by":"Maria Elena Placenza","Estimated reading time":"3 minutes"},"schema":{"@context":"https:\/\/schema.org","@graph":[{"@type":"Article","@id":"https:\/\/www.mariaelenaplacenza.it\/protesi-dentarie-per-persone-diversamente-giovani\/#article","isPartOf":{"@id":"https:\/\/www.mariaelenaplacenza.it\/protesi-dentarie-per-persone-diversamente-giovani\/"},"author":{"name":"Maria Elena Placenza","@id":"https:\/\/www.mariaelenaplacenza.it\/#\/schema\/person\/e3a989ffa80fe426b225092a1c5db2f2"},"headline":"Protesi dentarie per persone &#8220;diversamente giovani&#8221;","datePublished":"2025-12-23T09:00:00+00:00","dateModified":"2026-05-05T14:45:08+00:00","mainEntityOfPage":{"@id":"https:\/\/www.mariaelenaplacenza.it\/protesi-dentarie-per-persone-diversamente-giovani\/"},"wordCount":444,"publisher":{"@id":"https:\/\/www.mariaelenaplacenza.it\/#organization"},"image":{"@id":"https:\/\/www.mariaelenaplacenza.it\/protesi-dentarie-per-persone-diversamente-giovani\/#primaryimage"},"thumbnailUrl":"https:\/\/www.mariaelenaplacenza.it\/wp-content\/uploads\/2025\/12\/Protesi-dentarie.jpg","articleSection":["News"],"inLanguage":"en-GB"},{"@type":"WebPage","@id":"https:\/\/www.mariaelenaplacenza.it\/protesi-dentarie-per-persone-diversamente-giovani\/","url":"https:\/\/www.mariaelenaplacenza.it\/protesi-dentarie-per-persone-diversamente-giovani\/","name":"Protesi dentarie per persone \"diversamente giovani\" - Dentista Trapani Studio Odontoiatrico Maria Elena Placenza","isPartOf":{"@id":"https:\/\/www.mariaelenaplacenza.it\/#website"},"primaryImageOfPage":{"@id":"https:\/\/www.mariaelenaplacenza.it\/protesi-dentarie-per-persone-diversamente-giovani\/#primaryimage"},"image":{"@id":"https:\/\/www.mariaelenaplacenza.it\/protesi-dentarie-per-persone-diversamente-giovani\/#primaryimage"},"thumbnailUrl":"https:\/\/www.mariaelenaplacenza.it\/wp-content\/uploads\/2025\/12\/Protesi-dentarie.jpg","datePublished":"2025-12-23T09:00:00+00:00","dateModified":"2026-05-05T14:45:08+00:00","description":"Le protesi dentarie rappresentano una soluzione fondamentale per ritrovare il piacere di sorridere, parlare e mangiare con serenit\u00e0.","breadcrumb":{"@id":"https:\/\/www.mariaelenaplacenza.it\/protesi-dentarie-per-persone-diversamente-giovani\/#breadcrumb"},"inLanguage":"en-GB","potentialAction":[{"@type":"ReadAction","target":["https:\/\/www.mariaelenaplacenza.it\/protesi-dentarie-per-persone-diversamente-giovani\/"]}]},{"@type":"ImageObject","inLanguage":"en-GB","@id":"https:\/\/www.mariaelenaplacenza.it\/protesi-dentarie-per-persone-diversamente-giovani\/#primaryimage","url":"https:\/\/www.mariaelenaplacenza.it\/wp-content\/uploads\/2025\/12\/Protesi-dentarie.jpg","contentUrl":"https:\/\/www.mariaelenaplacenza.it\/wp-content\/uploads\/2025\/12\/Protesi-dentarie.jpg","width":800,"height":1200,"caption":"Protesi dentarie per persone diversamente giovani"},{"@type":"BreadcrumbList","@id":"https:\/\/www.mariaelenaplacenza.it\/protesi-dentarie-per-persone-diversamente-giovani\/#breadcrumb","itemListElement":[{"@type":"ListItem","position":1,"name":"Home","item":"https:\/\/www.mariaelenaplacenza.it\/"},{"@type":"ListItem","position":2,"name":"Protesi dentarie per persone &#8220;diversamente giovani&#8221;"}]},{"@type":"WebSite","@id":"https:\/\/www.mariaelenaplacenza.it\/#website","url":"https:\/\/www.mariaelenaplacenza.it\/","name":"Studio Dentistico Maria Elena Placenza","description":"Dentist for passion","publisher":{"@id":"https:\/\/www.mariaelenaplacenza.it\/#organization"},"potentialAction":[{"@type":"SearchAction","target":{"@type":"EntryPoint","urlTemplate":"https:\/\/www.mariaelenaplacenza.it\/?s={search_term_string}"},"query-input":{"@type":"PropertyValueSpecification","valueRequired":true,"valueName":"search_term_string"}}],"inLanguage":"en-GB"},{"@type":"Organization","@id":"https:\/\/www.mariaelenaplacenza.it\/#organization","name":"Studio Odontotecnico Dentista Maria Elena Placenza","url":"https:\/\/www.mariaelenaplacenza.it\/","logo":{"@type":"ImageObject","inLanguage":"en-GB","@id":"https:\/\/www.mariaelenaplacenza.it\/#\/schema\/logo\/image\/","url":"https:\/\/www.mariaelenaplacenza.it\/wp-content\/uploads\/2024\/07\/Logo-Maria-Elena-Placenza.png","contentUrl":"https:\/\/www.mariaelenaplacenza.it\/wp-content\/uploads\/2024\/07\/Logo-Maria-Elena-Placenza.png","width":1497,"height":395,"caption":"Studio Odontotecnico Dentista Maria Elena Placenza"},"image":{"@id":"https:\/\/www.mariaelenaplacenza.it\/#\/schema\/logo\/image\/"}},{"@type":"Person","@id":"https:\/\/www.mariaelenaplacenza.it\/#\/schema\/person\/e3a989ffa80fe426b225092a1c5db2f2","name":"Maria Elena Placenza","image":{"@type":"ImageObject","inLanguage":"en-GB","@id":"https:\/\/secure.gravatar.com\/avatar\/9fa56aa681bd5a404d58892024bd8dea192751dd51cd50c54b2a743afcfa5b34?s=96&d=mm&r=g","url":"https:\/\/secure.gravatar.com\/avatar\/9fa56aa681bd5a404d58892024bd8dea192751dd51cd50c54b2a743afcfa5b34?s=96&d=mm&r=g","contentUrl":"https:\/\/secure.gravatar.com\/avatar\/9fa56aa681bd5a404d58892024bd8dea192751dd51cd50c54b2a743afcfa5b34?s=96&d=mm&r=g","caption":"Maria Elena Placenza"},"sameAs":["https:\/\/www.mariaelenaplacenza.it"],"url":"https:\/\/www.mariaelenaplacenza.it\/en\/author\/wp_10554324\/"}]}},"_links":{"self":[{"href":"https:\/\/www.mariaelenaplacenza.it\/en\/wp-json\/wp\/v2\/posts\/6773","targetHints":{"allow":["GET"]}}],"collection":[{"href":"https:\/\/www.mariaelenaplacenza.it\/en\/wp-json\/wp\/v2\/posts"}],"about":[{"href":"https:\/\/www.mariaelenaplacenza.it\/en\/wp-json\/wp\/v2\/types\/post"}],"author":[{"embeddable":true,"href":"https:\/\/www.mariaelenaplacenza.it\/en\/wp-json\/wp\/v2\/users\/1"}],"replies":[{"embeddable":true,"href":"https:\/\/www.mariaelenaplacenza.it\/en\/wp-json\/wp\/v2\/comments?post=6773"}],"version-history":[{"count":0,"href":"https:\/\/www.mariaelenaplacenza.it\/en\/wp-json\/wp\/v2\/posts\/6773\/revisions"}],"wp:featuredmedia":[{"embeddable":true,"href":"https:\/\/www.mariaelenaplacenza.it\/en\/wp-json\/wp\/v2\/media\/6775"}],"wp:attachment":[{"href":"https:\/\/www.mariaelenaplacenza.it\/en\/wp-json\/wp\/v2\/media?parent=6773"}],"wp:term":[{"taxonomy":"category","embeddable":true,"href":"https:\/\/www.mariaelenaplacenza.it\/en\/wp-json\/wp\/v2\/categories?post=6773"},{"taxonomy":"post_tag","embeddable":true,"href":"https:\/\/www.mariaelenaplacenza.it\/en\/wp-json\/wp\/v2\/tags?post=6773"}],"curies":[{"name":"wp","href":"https:\/\/api.w.org\/{rel}","templated":true}]}}